{"id":901,"date":"2022-11-10T19:53:00","date_gmt":"2022-11-10T18:53:00","guid":{"rendered":"https:\/\/www.astrid-lindgren-schule-koeln.de\/wordpress\/?p=901"},"modified":"2024-10-04T08:24:24","modified_gmt":"2024-10-04T06:24:24","slug":"st-martin-2022","status":"publish","type":"post","link":"https:\/\/www.astrid-lindgren-schule-koeln.de\/wordpress\/2022\/11\/10\/st-martin-2022\/","title":{"rendered":"St. Martin 2022"},"content":{"rendered":"\n<div class=\"wp-block-columns alignwide is-layout-flex wp-container-core-columns-is-layout-3a88641f wp-block-columns-is-layout-flex\">\n<div class=\"wp-block-column is-layout-flow wp-block-column-is-layout-flow\">\n<p class=\"wp-block-paragraph\">Endlich konnten wir das Martinsfest wieder wie es Tradition an unserer Schule ist, begehen. Zum Fr\u00fchst\u00fcck gab es Weckm\u00e4nner mit Kakao und abends folgten die Kinder beim Licht der Fackeln und den Kl\u00e4ngen der Musikkapelle mit ihren bunt leuchtenden Laternen Sankt Martina auf ihrem wei\u00dfen Ross durch die Stra\u00dfen Ehrenfelds.<\/p>\n\n\n\n<p class=\"wp-block-paragraph\">Unter dem Sternenhimmel, gew\u00e4rmt durch das gro\u00dfe Martinsfeuer, wurden anschlie\u00dfend gemeinsam mit den Eltern Martinslieder gesungen.<\/p>\n\n\n\n<p class=\"wp-block-paragraph\">Wir danken herzlich den Eltern f\u00fcr ihren Einsatz als Zugbegleiter*innen, Fackeltr\u00e4ger*innen und f\u00fcr die Organisation des Punsch- und Weckm\u00e4nnerstandes.<\/p>\n<\/div>\n<\/div>\n\n\n\n<div class=\"alignnormal\"><div id=\"metaslider-id-902\" style=\"width: 100%; margin: 0 auto;\" class=\"ml-slider-3-112-0 metaslider metaslider-flex metaslider-902 ml-slider has-dots-nav ms-theme-default\" role=\"region\" aria-label=\"St. Martin 2022\" data-height=\"735\" data-width=\"735\">\n    <div id=\"metaslider_container_902\">\n        <div id=\"metaslider_902\">\n            <ul class='slides'>\n                <li style=\"display: block; width: 100%;\" class=\"slide-923 ms-image \" aria-roledescription=\"slide\" data-date=\"2024-03-02 19:55:04\" data-filename=\"sm0-500x500.png\" data-slide-type=\"image\"><img loading=\"lazy\" decoding=\"async\" src=\"https:\/\/www.astrid-lindgren-schule-koeln.de\/wordpress\/wp-content\/uploads\/2024\/03\/sm0-500x500.png\" height=\"735\" width=\"735\" alt=\"\" class=\"slider-902 slide-923 msDefaultImage\" title=\"sm0\" \/><\/li>\n                <li style=\"display: none; width: 100%;\" class=\"slide-924 ms-image \" aria-roledescription=\"slide\" data-date=\"2024-03-02 19:55:04\" data-filename=\"sm1-735x735.png\" data-slide-type=\"image\"><img loading=\"lazy\" decoding=\"async\" src=\"https:\/\/www.astrid-lindgren-schule-koeln.de\/wordpress\/wp-content\/uploads\/2024\/03\/sm1-735x735.png\" height=\"735\" width=\"735\" alt=\"\" class=\"slider-902 slide-924 msDefaultImage\" title=\"sm1\" \/><\/li>\n                <li style=\"display: none; width: 100%;\" class=\"slide-925 ms-image \" aria-roledescription=\"slide\" data-date=\"2024-03-02 19:55:04\" data-filename=\"sm2-612x612.png\" data-slide-type=\"image\"><img loading=\"lazy\" decoding=\"async\" src=\"https:\/\/www.astrid-lindgren-schule-koeln.de\/wordpress\/wp-content\/uploads\/2024\/03\/sm2-612x612.png\" height=\"735\" width=\"735\" alt=\"\" class=\"slider-902 slide-925 msDefaultImage\" title=\"sm2\" \/><\/li>\n                <li style=\"display: none; width: 100%;\" class=\"slide-926 ms-image \" aria-roledescription=\"slide\" data-date=\"2024-03-02 19:55:04\" data-filename=\"sm3-735x735.png\" data-slide-type=\"image\"><img loading=\"lazy\" decoding=\"async\" src=\"https:\/\/www.astrid-lindgren-schule-koeln.de\/wordpress\/wp-content\/uploads\/2024\/03\/sm3-735x735.png\" height=\"735\" width=\"735\" alt=\"\" class=\"slider-902 slide-926 msDefaultImage\" title=\"sm3\" \/><\/li>\n                <li style=\"display: none; width: 100%;\" class=\"slide-928 ms-image \" aria-roledescription=\"slide\" data-date=\"2024-03-02 19:55:04\" data-filename=\"sm5-735x735.png\" data-slide-type=\"image\"><img loading=\"lazy\" decoding=\"async\" src=\"https:\/\/www.astrid-lindgren-schule-koeln.de\/wordpress\/wp-content\/uploads\/2024\/03\/sm5-735x735.png\" height=\"735\" width=\"735\" alt=\"\" class=\"slider-902 slide-928 msDefaultImage\" title=\"sm5\" \/><\/li>\n                <li style=\"display: none; width: 100%;\" class=\"slide-930 ms-image \" aria-roledescription=\"slide\" data-date=\"2024-03-02 19:55:04\" data-filename=\"sm7-735x735.png\" data-slide-type=\"image\"><img loading=\"lazy\" decoding=\"async\" src=\"https:\/\/www.astrid-lindgren-schule-koeln.de\/wordpress\/wp-content\/uploads\/2024\/03\/sm7-735x735.png\" height=\"735\" width=\"735\" alt=\"\" class=\"slider-902 slide-930 msDefaultImage\" title=\"sm7\" \/><\/li>\n                <li style=\"display: none; width: 100%;\" class=\"slide-932 ms-image \" aria-roledescription=\"slide\" data-date=\"2024-03-02 19:55:04\" data-filename=\"sm9-735x735.png\" data-slide-type=\"image\"><img loading=\"lazy\" decoding=\"async\" src=\"https:\/\/www.astrid-lindgren-schule-koeln.de\/wordpress\/wp-content\/uploads\/2024\/03\/sm9-735x735.png\" height=\"735\" width=\"735\" alt=\"\" class=\"slider-902 slide-932 msDefaultImage\" title=\"sm9\" \/><\/li>\n                <li style=\"display: none; width: 100%;\" class=\"slide-933 ms-image \" aria-roledescription=\"slide\" data-date=\"2024-03-02 19:55:04\" data-filename=\"sm10.png\" data-slide-type=\"image\"><img loading=\"lazy\" decoding=\"async\" src=\"https:\/\/www.astrid-lindgren-schule-koeln.de\/wordpress\/wp-content\/uploads\/2024\/03\/sm10.png\" height=\"735\" width=\"735\" alt=\"\" class=\"slider-902 slide-933 msDefaultImage\" title=\"sm10\" \/><\/li>\n                <li style=\"display: none; width: 100%;\" class=\"slide-934 ms-image \" aria-roledescription=\"slide\" data-date=\"2024-03-02 19:55:05\" data-filename=\"sm11.png\" data-slide-type=\"image\"><img loading=\"lazy\" decoding=\"async\" src=\"https:\/\/www.astrid-lindgren-schule-koeln.de\/wordpress\/wp-content\/uploads\/2024\/03\/sm11.png\" height=\"735\" width=\"735\" alt=\"\" class=\"slider-902 slide-934 msDefaultImage\" title=\"sm11\" \/><\/li>\n                <li style=\"display: none; width: 100%;\" class=\"slide-935 ms-image \" aria-roledescription=\"slide\" data-date=\"2024-03-02 19:55:05\" data-filename=\"sm12.png\" data-slide-type=\"image\"><img loading=\"lazy\" decoding=\"async\" src=\"https:\/\/www.astrid-lindgren-schule-koeln.de\/wordpress\/wp-content\/uploads\/2024\/03\/sm12.png\" height=\"735\" width=\"735\" alt=\"\" class=\"slider-902 slide-935 msDefaultImage\" title=\"sm12\" \/><\/li>\n                <li style=\"display: none; width: 100%;\" class=\"slide-936 ms-image \" aria-roledescription=\"slide\" data-date=\"2024-03-02 19:55:05\" data-filename=\"sm13.png\" data-slide-type=\"image\"><img loading=\"lazy\" decoding=\"async\" src=\"https:\/\/www.astrid-lindgren-schule-koeln.de\/wordpress\/wp-content\/uploads\/2024\/03\/sm13.png\" height=\"735\" width=\"735\" alt=\"\" class=\"slider-902 slide-936 msDefaultImage\" title=\"sm13\" \/><\/li>\n                <li style=\"display: none; width: 100%;\" class=\"slide-937 ms-image \" aria-roledescription=\"slide\" data-date=\"2024-03-02 19:55:05\" data-filename=\"sm14.png\" data-slide-type=\"image\"><img loading=\"lazy\" decoding=\"async\" src=\"https:\/\/www.astrid-lindgren-schule-koeln.de\/wordpress\/wp-content\/uploads\/2024\/03\/sm14.png\" height=\"735\" width=\"735\" alt=\"\" class=\"slider-902 slide-937 msDefaultImage\" title=\"sm14\" \/><\/li>\n                <li style=\"display: none; width: 100%;\" class=\"slide-938 ms-image \" aria-roledescription=\"slide\" data-date=\"2024-03-02 19:55:05\" data-filename=\"sm15.png\" data-slide-type=\"image\"><img loading=\"lazy\" decoding=\"async\" src=\"https:\/\/www.astrid-lindgren-schule-koeln.de\/wordpress\/wp-content\/uploads\/2024\/03\/sm15.png\" height=\"735\" width=\"735\" alt=\"\" class=\"slider-902 slide-938 msDefaultImage\" title=\"sm15\" \/><\/li>\n                <li style=\"display: none; width: 100%;\" class=\"slide-939 ms-image \" aria-roledescription=\"slide\" data-date=\"2024-03-02 19:55:05\" data-filename=\"sm16-735x735.png\" data-slide-type=\"image\"><img loading=\"lazy\" decoding=\"async\" src=\"https:\/\/www.astrid-lindgren-schule-koeln.de\/wordpress\/wp-content\/uploads\/2024\/03\/sm16-735x735.png\" height=\"735\" width=\"735\" alt=\"\" class=\"slider-902 slide-939 msDefaultImage\" title=\"sm16\" \/><\/li>\n                <li style=\"display: none; width: 100%;\" class=\"slide-940 ms-image \" aria-roledescription=\"slide\" data-date=\"2024-03-02 19:55:05\" data-filename=\"sm17-735x735.png\" data-slide-type=\"image\"><img loading=\"lazy\" decoding=\"async\" src=\"https:\/\/www.astrid-lindgren-schule-koeln.de\/wordpress\/wp-content\/uploads\/2024\/03\/sm17-735x735.png\" height=\"735\" width=\"735\" alt=\"\" class=\"slider-902 slide-940 msDefaultImage\" title=\"sm17\" \/><\/li>\n                <li style=\"display: none; width: 100%;\" class=\"slide-941 ms-image \" aria-roledescription=\"slide\" data-date=\"2024-03-02 19:55:05\" data-filename=\"sm18.png\" data-slide-type=\"image\"><img loading=\"lazy\" decoding=\"async\" src=\"https:\/\/www.astrid-lindgren-schule-koeln.de\/wordpress\/wp-content\/uploads\/2024\/03\/sm18.png\" height=\"735\" width=\"735\" alt=\"\" class=\"slider-902 slide-941 msDefaultImage\" title=\"sm18\" \/><\/li>\n                <li style=\"display: none; width: 100%;\" class=\"slide-942 ms-image \" aria-roledescription=\"slide\" data-date=\"2024-03-02 19:55:05\" data-filename=\"sm19-620x620.png\" data-slide-type=\"image\"><img loading=\"lazy\" decoding=\"async\" src=\"https:\/\/www.astrid-lindgren-schule-koeln.de\/wordpress\/wp-content\/uploads\/2024\/03\/sm19-620x620.png\" height=\"735\" width=\"735\" alt=\"\" class=\"slider-902 slide-942 msDefaultImage\" title=\"sm19\" \/><\/li>\n            <\/ul>\n        <\/div>\n        \n    <\/div>\n<\/div><\/div>\n","protected":false},"excerpt":{"rendered":"<p>Endlich konnten wir das Martinsfest wieder wie es Tradition an unserer Schule ist, begehen. Zum Fr\u00fchst\u00fcck gab es Weckm\u00e4nner mit Kakao und abends folgten die Kinder beim Licht der Fackeln und den Kl\u00e4ngen der Musikkapelle mit ihren bunt leuchtenden Laternen Sankt Martina auf ihrem wei\u00dfen Ross durch die Stra\u00dfen Ehrenfelds. Unter dem Sternenhimmel, gew\u00e4rmt durch [&hellip;]<\/p>\n","protected":false},"author":1,"featured_media":2074,"comment_status":"closed","ping_status":"open","sticky":false,"template":"","format":"standard","meta":{"footnotes":""},"categories":[9],"tags":[54,34],"class_list":["post-901","post","type-post","status-publish","format-standard","has-post-thumbnail","hentry","category-leben-und-lernen","tag-lichter","tag-st-martin"],"_links":{"self":[{"href":"https:\/\/www.astrid-lindgren-schule-koeln.de\/wordpress\/wp-json\/wp\/v2\/posts\/901","targetHints":{"allow":["GET"]}}],"collection":[{"href":"https:\/\/www.astrid-lindgren-schule-koeln.de\/wordpress\/wp-json\/wp\/v2\/posts"}],"about":[{"href":"https:\/\/www.astrid-lindgren-schule-koeln.de\/wordpress\/wp-json\/wp\/v2\/types\/post"}],"author":[{"embeddable":true,"href":"https:\/\/www.astrid-lindgren-schule-koeln.de\/wordpress\/wp-json\/wp\/v2\/users\/1"}],"replies":[{"embeddable":true,"href":"https:\/\/www.astrid-lindgren-schule-koeln.de\/wordpress\/wp-json\/wp\/v2\/comments?post=901"}],"version-history":[{"count":3,"href":"https:\/\/www.astrid-lindgren-schule-koeln.de\/wordpress\/wp-json\/wp\/v2\/posts\/901\/revisions"}],"predecessor-version":[{"id":2669,"href":"https:\/\/www.astrid-lindgren-schule-koeln.de\/wordpress\/wp-json\/wp\/v2\/posts\/901\/revisions\/2669"}],"wp:featuredmedia":[{"embeddable":true,"href":"https:\/\/www.astrid-lindgren-schule-koeln.de\/wordpress\/wp-json\/wp\/v2\/media\/2074"}],"wp:attachment":[{"href":"https:\/\/www.astrid-lindgren-schule-koeln.de\/wordpress\/wp-json\/wp\/v2\/media?parent=901"}],"wp:term":[{"taxonomy":"category","embeddable":true,"href":"https:\/\/www.astrid-lindgren-schule-koeln.de\/wordpress\/wp-json\/wp\/v2\/categories?post=901"},{"taxonomy":"post_tag","embeddable":true,"href":"https:\/\/www.astrid-lindgren-schule-koeln.de\/wordpress\/wp-json\/wp\/v2\/tags?post=901"}],"curies":[{"name":"wp","href":"https:\/\/api.w.org\/{rel}","templated":true}]}}