{"id":824,"date":"2022-12-19T19:42:00","date_gmt":"2022-12-19T18:42:00","guid":{"rendered":"https:\/\/www.astrid-lindgren-schule-koeln.de\/wordpress\/?p=824"},"modified":"2024-10-04T08:21:58","modified_gmt":"2024-10-04T06:21:58","slug":"flurweihnachtsfest-2022","status":"publish","type":"post","link":"https:\/\/www.astrid-lindgren-schule-koeln.de\/wordpress\/2022\/12\/19\/flurweihnachtsfest-2022\/","title":{"rendered":"Flurweihnachtsfest 2022"},"content":{"rendered":"\n<div class=\"wp-block-columns alignwide is-layout-flex wp-container-core-columns-is-layout-3a88641f wp-block-columns-is-layout-flex\">\n<div class=\"wp-block-column is-layout-flow wp-block-column-is-layout-flow\">\n<p class=\"wp-block-paragraph\">Eine weitere Tradition lebte wieder auf\u2026 das Flurweihnachtsfest.<\/p>\n\n\n\n<p class=\"wp-block-paragraph\">Am Montag vor den Ferien feierten die Flure ein kleines besinnliches Weihnachtsfest. Bei gem\u00fctlichem Licht trafen sich die Klassen auf dem oberen und unteren Flur und zauberten eine tolle weihnachtliche Atmosph\u00e4re. Bei Lichterkettenlicht sa\u00dfen die Kinder auf den Fluren und lauschten verschiedenen Gedichten, instrumentalen St\u00fccken oder staunten bei kleinen T\u00e4nzen. Gemeinsam wurde gesungen und Kekse aus der hauseigenen Weihnachtsb\u00e4ckerei verputzt.<\/p>\n\n\n\n<p class=\"wp-block-paragraph\">Mit diesem tollen Fest und dem Weihnachtssingen auf dem Schulhof verabschiedeten sich die Kinder in die wohlverdienten Weihnachtsferien.<\/p>\n<\/div>\n<\/div>\n\n\n\n<div class=\"alignnormal\"><div id=\"metaslider-id-825\" style=\"width: 100%; margin: 0 auto;\" class=\"ml-slider-3-112-0 metaslider metaslider-flex metaslider-825 ml-slider has-dots-nav ms-theme-default\" role=\"region\" aria-label=\"Flurweihnachtsfest 2022\" data-height=\"735\" data-width=\"735\">\n    <div id=\"metaslider_container_825\">\n        <div id=\"metaslider_825\">\n            <ul class='slides'>\n                <li style=\"display: block; width: 100%;\" class=\"slide-834 ms-image \" aria-roledescription=\"slide\" data-date=\"2024-03-02 19:44:08\" data-filename=\"ff0-500x500.png\" data-slide-type=\"image\"><img loading=\"lazy\" decoding=\"async\" src=\"https:\/\/www.astrid-lindgren-schule-koeln.de\/wordpress\/wp-content\/uploads\/2024\/03\/ff0-500x500.png\" height=\"735\" width=\"735\" alt=\"\" class=\"slider-825 slide-834 msDefaultImage\" title=\"ff0\" \/><\/li>\n                <li style=\"display: none; width: 100%;\" class=\"slide-835 ms-image \" aria-roledescription=\"slide\" data-date=\"2024-03-02 19:44:08\" data-filename=\"ff1-615x615.png\" data-slide-type=\"image\"><img loading=\"lazy\" decoding=\"async\" src=\"https:\/\/www.astrid-lindgren-schule-koeln.de\/wordpress\/wp-content\/uploads\/2024\/03\/ff1-615x615.png\" height=\"735\" width=\"735\" alt=\"\" class=\"slider-825 slide-835 msDefaultImage\" title=\"ff1\" \/><\/li>\n                <li style=\"display: none; width: 100%;\" class=\"slide-837 ms-image \" aria-roledescription=\"slide\" data-date=\"2024-03-02 19:44:08\" data-filename=\"ff3-735x735.png\" data-slide-type=\"image\"><img loading=\"lazy\" decoding=\"async\" src=\"https:\/\/www.astrid-lindgren-schule-koeln.de\/wordpress\/wp-content\/uploads\/2024\/03\/ff3-735x735.png\" height=\"735\" width=\"735\" alt=\"\" class=\"slider-825 slide-837 msDefaultImage\" title=\"ff3\" \/><\/li>\n                <li style=\"display: none; width: 100%;\" class=\"slide-838 ms-image \" aria-roledescription=\"slide\" data-date=\"2024-03-02 19:44:09\" data-filename=\"ff4-735x735.png\" data-slide-type=\"image\"><img loading=\"lazy\" decoding=\"async\" src=\"https:\/\/www.astrid-lindgren-schule-koeln.de\/wordpress\/wp-content\/uploads\/2024\/03\/ff4-735x735.png\" height=\"735\" width=\"735\" alt=\"\" class=\"slider-825 slide-838 msDefaultImage\" title=\"ff4\" \/><\/li>\n            <\/ul>\n        <\/div>\n        \n    <\/div>\n<\/div><\/div>\n","protected":false},"excerpt":{"rendered":"<p>Eine weitere Tradition lebte wieder auf\u2026 das Flurweihnachtsfest. Am Montag vor den Ferien feierten die Flure ein kleines besinnliches Weihnachtsfest. Bei gem\u00fctlichem Licht trafen sich die Klassen auf dem oberen und unteren Flur und zauberten eine tolle weihnachtliche Atmosph\u00e4re. Bei Lichterkettenlicht sa\u00dfen die Kinder auf den Fluren und lauschten verschiedenen Gedichten, instrumentalen St\u00fccken oder staunten [&hellip;]<\/p>\n","protected":false},"author":1,"featured_media":2068,"comment_status":"closed","ping_status":"open","sticky":false,"template":"","format":"standard","meta":{"footnotes":""},"categories":[9],"tags":[52,51],"class_list":["post-824","post","type-post","status-publish","format-standard","has-post-thumbnail","hentry","category-leben-und-lernen","tag-advent","tag-weihnachten"],"_links":{"self":[{"href":"https:\/\/www.astrid-lindgren-schule-koeln.de\/wordpress\/wp-json\/wp\/v2\/posts\/824","targetHints":{"allow":["GET"]}}],"collection":[{"href":"https:\/\/www.astrid-lindgren-schule-koeln.de\/wordpress\/wp-json\/wp\/v2\/posts"}],"about":[{"href":"https:\/\/www.astrid-lindgren-schule-koeln.de\/wordpress\/wp-json\/wp\/v2\/types\/post"}],"author":[{"embeddable":true,"href":"https:\/\/www.astrid-lindgren-schule-koeln.de\/wordpress\/wp-json\/wp\/v2\/users\/1"}],"replies":[{"embeddable":true,"href":"https:\/\/www.astrid-lindgren-schule-koeln.de\/wordpress\/wp-json\/wp\/v2\/comments?post=824"}],"version-history":[{"count":3,"href":"https:\/\/www.astrid-lindgren-schule-koeln.de\/wordpress\/wp-json\/wp\/v2\/posts\/824\/revisions"}],"predecessor-version":[{"id":2667,"href":"https:\/\/www.astrid-lindgren-schule-koeln.de\/wordpress\/wp-json\/wp\/v2\/posts\/824\/revisions\/2667"}],"wp:featuredmedia":[{"embeddable":true,"href":"https:\/\/www.astrid-lindgren-schule-koeln.de\/wordpress\/wp-json\/wp\/v2\/media\/2068"}],"wp:attachment":[{"href":"https:\/\/www.astrid-lindgren-schule-koeln.de\/wordpress\/wp-json\/wp\/v2\/media?parent=824"}],"wp:term":[{"taxonomy":"category","embeddable":true,"href":"https:\/\/www.astrid-lindgren-schule-koeln.de\/wordpress\/wp-json\/wp\/v2\/categories?post=824"},{"taxonomy":"post_tag","embeddable":true,"href":"https:\/\/www.astrid-lindgren-schule-koeln.de\/wordpress\/wp-json\/wp\/v2\/tags?post=824"}],"curies":[{"name":"wp","href":"https:\/\/api.w.org\/{rel}","templated":true}]}}