{"id":774,"date":"2023-03-12T19:35:00","date_gmt":"2023-03-12T18:35:00","guid":{"rendered":"https:\/\/www.astrid-lindgren-schule-koeln.de\/wordpress\/?p=774"},"modified":"2024-10-04T08:19:50","modified_gmt":"2024-10-04T06:19:50","slug":"koelsches-puppentheater","status":"publish","type":"post","link":"https:\/\/www.astrid-lindgren-schule-koeln.de\/wordpress\/2023\/03\/12\/koelsches-puppentheater\/","title":{"rendered":"K\u00f6lsches Puppentheater"},"content":{"rendered":"\n<p class=\"has-text-align-center wp-block-paragraph\"><strong>Besuch von Ara und Ani<\/strong><\/p>\n\n\n\n<p class=\"wp-block-paragraph\">Die \u201eJeckezick\u201c begann bei uns mit einem besonderen Event. Ara und Ani von der <a href=\"https:\/\/www.koelsch-akademie.de\/\" target=\"_blank\" rel=\"noreferrer noopener\">Akademie f\u00f6r uns K\u00f6lsch Sproch<\/a> warteten auf uns. Da an unserer Schule aktuell keine r\u00e4umlichen Kapazit\u00e4ten zur Verf\u00fcgung stehen, um alle jecken Sch\u00fcler*innen und Lehrer*innen f\u00fcr eine Karnevalsparty zusammenzubringen, durften wir die Aula der <a href=\"https:\/\/www.rseichen-koeln.de\/\" target=\"_blank\" rel=\"noreferrer noopener\">Eichendorf Realschule<\/a> nutzen. An dieser Stelle nochmals herzlichen Dank f\u00fcr die Gastfreundschaft.<\/p>\n\n\n\n<p class=\"wp-block-paragraph\">Mit starken Ninjas, h\u00fcbschen Feen oder Prinzessinnen, mit Cops oder Aliens zogen wir also kunterbunt und voller Vorfreude bei strahlendem Sonnenschein durch Ehrenfeld. Mit guter Laune sahen wir ein echt K\u00f6lsches Puppentheaterst\u00fcck. Dabei brachte Ani nicht nur Ara aus dem Weltall sondern auch unseren Kindern die K\u00f6lsche Sprache n\u00e4her. Sie lernten neue W\u00f6rter, stellten Ara Ehrenfeld vor, pr\u00e4sentieren ihre gebastelten Wahrzeichen und sangen gemeinsam K\u00f6lsche Lieder. <\/p>\n\n\n\n<p class=\"wp-block-paragraph\">Ein besonderes Highlight war die gemeinsame Polonaise und eine neue Tanzchoreographie. Zufrieden und in Karnevalsstimmung kehrten die Kinder nach dieser Abwechslung zur Schule zur\u00fcck.<\/p>\n\n\n\n<div class=\"wp-block-group has-global-padding is-layout-constrained wp-block-group-is-layout-constrained\" style=\"margin-top:var(--wp--preset--spacing--40)\">\n<div class=\"alignnormal\"><div id=\"metaslider-id-775\" style=\"width: 100%; margin: 0 auto;\" class=\"ml-slider-3-112-0 metaslider metaslider-flex metaslider-775 ml-slider has-dots-nav ms-theme-default\" role=\"region\" aria-label=\"K\u00f6lsches Puppentheater\" data-height=\"735\" data-width=\"735\">\n    <div id=\"metaslider_container_775\">\n        <div id=\"metaslider_775\">\n            <ul class='slides'>\n                <li style=\"display: block; width: 100%;\" class=\"slide-780 ms-image \" aria-roledescription=\"slide\" data-date=\"2024-03-02 19:37:15\" data-filename=\"p0-500x500.png\" data-slide-type=\"image\"><img loading=\"lazy\" decoding=\"async\" src=\"https:\/\/www.astrid-lindgren-schule-koeln.de\/wordpress\/wp-content\/uploads\/2024\/03\/p0-500x500.png\" height=\"735\" width=\"735\" alt=\"\" class=\"slider-775 slide-780 msDefaultImage\" title=\"p0\" \/><\/li>\n                <li style=\"display: none; width: 100%;\" class=\"slide-781 ms-image \" aria-roledescription=\"slide\" data-date=\"2024-03-02 19:37:15\" data-filename=\"p1-735x735.png\" data-slide-type=\"image\"><img loading=\"lazy\" decoding=\"async\" src=\"https:\/\/www.astrid-lindgren-schule-koeln.de\/wordpress\/wp-content\/uploads\/2024\/03\/p1-735x735.png\" height=\"735\" width=\"735\" alt=\"\" class=\"slider-775 slide-781 msDefaultImage\" title=\"p1\" \/><\/li>\n                <li style=\"display: none; width: 100%;\" class=\"slide-782 ms-image \" aria-roledescription=\"slide\" data-date=\"2024-03-02 19:37:15\" data-filename=\"p2-735x735.png\" data-slide-type=\"image\"><img loading=\"lazy\" decoding=\"async\" src=\"https:\/\/www.astrid-lindgren-schule-koeln.de\/wordpress\/wp-content\/uploads\/2024\/03\/p2-735x735.png\" height=\"735\" width=\"735\" alt=\"\" class=\"slider-775 slide-782 msDefaultImage\" title=\"p2\" \/><\/li>\n                <li style=\"display: none; width: 100%;\" class=\"slide-783 ms-image \" aria-roledescription=\"slide\" data-date=\"2024-03-02 19:37:15\" data-filename=\"p3-735x735.png\" data-slide-type=\"image\"><img loading=\"lazy\" decoding=\"async\" src=\"https:\/\/www.astrid-lindgren-schule-koeln.de\/wordpress\/wp-content\/uploads\/2024\/03\/p3-735x735.png\" height=\"735\" width=\"735\" alt=\"\" class=\"slider-775 slide-783 msDefaultImage\" title=\"p3\" \/><\/li>\n            <\/ul>\n        <\/div>\n        \n    <\/div>\n<\/div><\/div>\n<\/div>\n","protected":false},"excerpt":{"rendered":"<p>Besuch von Ara und Ani Die \u201eJeckezick\u201c begann bei uns mit einem besonderen Event. Ara und Ani von der Akademie f\u00f6r uns K\u00f6lsch Sproch warteten auf uns. Da an unserer Schule aktuell keine r\u00e4umlichen Kapazit\u00e4ten zur Verf\u00fcgung stehen, um alle jecken Sch\u00fcler*innen und Lehrer*innen f\u00fcr eine Karnevalsparty zusammenzubringen, durften wir die Aula der Eichendorf Realschule [&hellip;]<\/p>\n","protected":false},"author":1,"featured_media":2065,"comment_status":"closed","ping_status":"open","sticky":false,"template":"","format":"standard","meta":{"footnotes":""},"categories":[9],"tags":[45,46],"class_list":["post-774","post","type-post","status-publish","format-standard","has-post-thumbnail","hentry","category-leben-und-lernen","tag-puppen","tag-theater"],"_links":{"self":[{"href":"https:\/\/www.astrid-lindgren-schule-koeln.de\/wordpress\/wp-json\/wp\/v2\/posts\/774","targetHints":{"allow":["GET"]}}],"collection":[{"href":"https:\/\/www.astrid-lindgren-schule-koeln.de\/wordpress\/wp-json\/wp\/v2\/posts"}],"about":[{"href":"https:\/\/www.astrid-lindgren-schule-koeln.de\/wordpress\/wp-json\/wp\/v2\/types\/post"}],"author":[{"embeddable":true,"href":"https:\/\/www.astrid-lindgren-schule-koeln.de\/wordpress\/wp-json\/wp\/v2\/users\/1"}],"replies":[{"embeddable":true,"href":"https:\/\/www.astrid-lindgren-schule-koeln.de\/wordpress\/wp-json\/wp\/v2\/comments?post=774"}],"version-history":[{"count":2,"href":"https:\/\/www.astrid-lindgren-schule-koeln.de\/wordpress\/wp-json\/wp\/v2\/posts\/774\/revisions"}],"predecessor-version":[{"id":2005,"href":"https:\/\/www.astrid-lindgren-schule-koeln.de\/wordpress\/wp-json\/wp\/v2\/posts\/774\/revisions\/2005"}],"wp:featuredmedia":[{"embeddable":true,"href":"https:\/\/www.astrid-lindgren-schule-koeln.de\/wordpress\/wp-json\/wp\/v2\/media\/2065"}],"wp:attachment":[{"href":"https:\/\/www.astrid-lindgren-schule-koeln.de\/wordpress\/wp-json\/wp\/v2\/media?parent=774"}],"wp:term":[{"taxonomy":"category","embeddable":true,"href":"https:\/\/www.astrid-lindgren-schule-koeln.de\/wordpress\/wp-json\/wp\/v2\/categories?post=774"},{"taxonomy":"post_tag","embeddable":true,"href":"https:\/\/www.astrid-lindgren-schule-koeln.de\/wordpress\/wp-json\/wp\/v2\/tags?post=774"}],"curies":[{"name":"wp","href":"https:\/\/api.w.org\/{rel}","templated":true}]}}